{"id":1627,"date":"2023-02-21T15:59:18","date_gmt":"2023-02-21T15:59:18","guid":{"rendered":"https:\/\/artheke.com\/?p=1627"},"modified":"2023-02-22T03:05:24","modified_gmt":"2023-02-22T03:05:24","slug":"sitios-web-de-instituciones-archivisticas","status":"publish","type":"post","link":"https:\/\/www.artheke.com\/?p=1627","title":{"rendered":"Sitios Web de Instituciones Archiv\u00edsticas"},"content":{"rendered":"\n<p class=\"has-text-color has-large-font-size\" style=\"color:#c15757;font-style:italic;font-weight:800;letter-spacing:0px\">Enlaces de archivos, proyectos, censos, cat\u00e1logos, etc.: auton\u00f3micos, nacionales e internacionales.<\/p>\n\n\n\n<div class=\"wp-block-buttons is-layout-flex wp-block-buttons-is-layout-flex\">\n<div class=\"wp-block-button has-custom-width wp-block-button__width-100 has-custom-font-size has-extra-large-font-size\"><a class=\"wp-block-button__link has-background wp-element-button\" href=\"https:\/\/www.culturaydeporte.gob.es\/cultura\/areas\/archivos\/mc\/centros\/cida\/portada.html\" style=\"background-color:#c87d3b\" target=\"_blank\" rel=\"noreferrer noopener\">CIDA<\/a><\/div>\n<\/div>\n\n\n\n<figure class=\"wp-block-image size-large\"><img loading=\"lazy\" decoding=\"async\" width=\"1024\" height=\"576\" src=\"https:\/\/artheke.com\/wp-content\/uploads\/2023\/02\/image-7-1024x576.png\" alt=\"\" class=\"wp-image-1578\" srcset=\"https:\/\/www.artheke.com\/wp-content\/uploads\/2023\/02\/image-7-1024x576.png 1024w, https:\/\/www.artheke.com\/wp-content\/uploads\/2023\/02\/image-7-300x169.png 300w, https:\/\/www.artheke.com\/wp-content\/uploads\/2023\/02\/image-7-768x432.png 768w, https:\/\/www.artheke.com\/wp-content\/uploads\/2023\/02\/image-7.png 1459w\" sizes=\"auto, (max-width: 1024px) 100vw, 1024px\" \/><figcaption class=\"wp-element-caption\"><a rel=\"noreferrer noopener\" href=\"https:\/\/www.culturaydeporte.gob.es\/cultura\/areas\/archivos\/mc\/centros\/cida\/portada.html\" data-type=\"URL\" data-id=\"https:\/\/www.culturaydeporte.gob.es\/cultura\/areas\/archivos\/mc\/centros\/cida\/portada.html\" target=\"_blank\">Cida<\/a><\/figcaption><\/figure>\n\n\n\n<p>\u00ab<em>El CIDA tiene como misi\u00f3n fundamental difundir y dar a conocer el contenido del Patrimonio Documental que se custodia en los Archivos Estatales y en el resto de los archivos espa\u00f1oles e Iberoamericanos\u00bb<\/em><\/p>\n\n\n\n<div class=\"wp-block-buttons alignfull is-content-justification-center is-layout-flex wp-container-core-buttons-is-layout-16018d1d wp-block-buttons-is-layout-flex\">\n<div class=\"wp-block-button aligncenter has-custom-font-size is-style-outline has-extra-large-font-size is-style-outline--1\"><a class=\"wp-block-button__link wp-element-button\" href=\"https:\/\/www.culturaydeporte.gob.es\/cultura\/areas\/archivos\/mc\/centros\/cida\/2-servicios-documentales\/2-1-bases-de-datos-micrositios.html\" style=\"border-radius:1px\" target=\"_blank\" rel=\"noreferrer noopener\">BASES DE DATOS Y MICROSITIOS<\/a><\/div>\n<\/div>\n\n\n\n<p><\/p>\n\n\n\n<div class=\"wp-block-buttons is-content-justification-center is-layout-flex wp-container-core-buttons-is-layout-16018d1d wp-block-buttons-is-layout-flex\">\n<div class=\"wp-block-button has-custom-width wp-block-button__width-100 has-custom-font-size has-extra-large-font-size\"><a class=\"wp-block-button__link has-yellow-color has-text-color has-background wp-element-button\" href=\"http:\/\/censoarchivos.mcu.es\/CensoGuia\/enlaces.htm\" style=\"background-color:#193053\" target=\"_blank\" rel=\"noreferrer noopener\">Enlaces de inter\u00e9s desde  CENSO-GU\u00cdA<\/a><\/div>\n\n\n\n<div class=\"wp-block-button has-custom-width wp-block-button__width-100 has-custom-font-size is-style-fill has-extra-large-font-size\"><a class=\"wp-block-button__link has-yellow-color has-text-color has-background wp-element-button\" href=\"https:\/\/www.culturaydeporte.gob.es\/cultura\/areas\/archivos\/mc\/centros\/cida\/4-difusion-cooperacion\/4-2-guias-de-lectura\/40-cida\/recursos-informativos\/censo-guia.html\" style=\"background-color:#956363\" target=\"_blank\" rel=\"noreferrer noopener\">CENSO-GU\u00cdA DE ARCHIVOS DE ESPA\u00d1A E IBEROAM\u00c9RICA<\/a><\/div>\n<\/div>\n\n\n\n<div style=\"height:20px\" aria-hidden=\"true\" class=\"wp-block-spacer\"><\/div>\n\n\n\n<p>Entre los directorios de archivos que podemos encontrar en los enlaces de inter\u00e9s desde Censo-Gu\u00eda, algunos ejemplos:<\/p>\n\n\n\n<p><a rel=\"noreferrer noopener\" href=\"https:\/\/gestiona.comunidad.madrid\/archivos_atom\/index.php\/;repository\/browse\" data-type=\"URL\" data-id=\"https:\/\/gestiona.comunidad.madrid\/archivos_atom\/index.php\/;repository\/browse\" target=\"_blank\">DIRECTORIO DE ARCHIVOS DE MADRID<\/a><\/p>\n\n\n\n<p><a rel=\"noreferrer noopener\" href=\"https:\/\/analisis.datosabiertos.jcyl.es\/explore\/dataset\/directorio-de-archivos-de-castilla-y-leon\/table\/\" target=\"_blank\">DE CASTILLA Y LE\u00d3N<\/a><\/p>\n\n\n\n<p>Etc.<\/p>\n\n\n\n<figure class=\"wp-block-image size-large\"><img loading=\"lazy\" decoding=\"async\" width=\"1024\" height=\"504\" src=\"https:\/\/artheke.com\/wp-content\/uploads\/2023\/02\/image-8-1024x504.png\" alt=\"\" class=\"wp-image-1581\" srcset=\"https:\/\/www.artheke.com\/wp-content\/uploads\/2023\/02\/image-8-1024x504.png 1024w, https:\/\/www.artheke.com\/wp-content\/uploads\/2023\/02\/image-8-300x148.png 300w, https:\/\/www.artheke.com\/wp-content\/uploads\/2023\/02\/image-8-768x378.png 768w, https:\/\/www.artheke.com\/wp-content\/uploads\/2023\/02\/image-8.png 1459w\" sizes=\"auto, (max-width: 1024px) 100vw, 1024px\" \/><\/figure>\n\n\n\n<div class=\"wp-block-buttons is-layout-flex wp-block-buttons-is-layout-flex\">\n<div class=\"wp-block-button has-custom-font-size is-style-outline has-large-font-size is-style-outline--2\"><a class=\"wp-block-button__link wp-element-button\" href=\"https:\/\/www.culturaydeporte.gob.es\/cultura\/archivos\/informacion-general\/gestion-autonomica.html\" target=\"_blank\" rel=\"noreferrer noopener\">GESTI\u00d3N DE LOS ARCHIVOS EN LAS COMUNIDADES AUT\u00d3NOMAS<\/a><\/div>\n<\/div>\n\n\n\n<figure class=\"wp-block-image size-large\"><img loading=\"lazy\" decoding=\"async\" width=\"1024\" height=\"556\" src=\"https:\/\/artheke.com\/wp-content\/uploads\/2023\/02\/12-1024x556.png\" alt=\"\" class=\"wp-image-1551\" srcset=\"https:\/\/www.artheke.com\/wp-content\/uploads\/2023\/02\/12-1024x556.png 1024w, https:\/\/www.artheke.com\/wp-content\/uploads\/2023\/02\/12-300x163.png 300w, https:\/\/www.artheke.com\/wp-content\/uploads\/2023\/02\/12-768x417.png 768w, https:\/\/www.artheke.com\/wp-content\/uploads\/2023\/02\/12.png 1334w\" sizes=\"auto, (max-width: 1024px) 100vw, 1024px\" \/><figcaption class=\"wp-element-caption\">Ministerio de Cultura y Deporte<\/figcaption><\/figure>\n\n\n\n<div class=\"wp-block-buttons is-content-justification-space-between is-layout-flex wp-container-core-buttons-is-layout-3d213aab wp-block-buttons-is-layout-flex\">\n<div class=\"wp-block-button has-custom-font-size has-large-font-size\"><a class=\"wp-block-button__link has-yellow-color has-text-color has-background wp-element-button\" href=\"https:\/\/www.culturaydeporte.gob.es\/cultura.html\" style=\"background-color:#21334f\" target=\"_blank\" rel=\"noreferrer noopener\">MINISTERIO DE CULTURA Y DEPORTE.    CULTURA\/ ARCHIVOS<\/a><\/div>\n\n\n\n<div class=\"wp-block-button aligncenter has-custom-font-size has-small-font-size\"><a class=\"wp-block-button__link has-yellow-color has-text-color has-background wp-element-button\" href=\"https:\/\/www.culturaydeporte.gob.es\/cultura\/archivos\/informacion-general\/presentacion.html\" style=\"background-color:#31435d\" target=\"_blank\" rel=\"noreferrer noopener\">BASES DE DATOS DEL \u00c1REA DE ARCHIVOS:                                   DE REDES DE ARCHIVOS Y LAS ESPEC\u00cdFICAS DE ALG\u00daN CENTRO<\/a><\/div>\n<\/div>\n\n\n\n<div class=\"wp-block-buttons is-layout-flex wp-block-buttons-is-layout-flex\">\n<div class=\"wp-block-button has-custom-font-size has-large-font-size\"><a class=\"wp-block-button__link has-yellow-color has-text-color has-background wp-element-button\" href=\"http:\/\/www.mcu.es\/ccbae\/es\/mapas\/principal.do\" style=\"background-color:#263a59\" target=\"_blank\" rel=\"noreferrer noopener\">Cat\u00e1logo colectivo de la red de bibliotecas de los archivos estatales. CCBAE<\/a><\/div>\n<\/div>\n\n\n\n<figure class=\"wp-block-image size-large\"><img loading=\"lazy\" decoding=\"async\" width=\"1024\" height=\"354\" src=\"https:\/\/artheke.com\/wp-content\/uploads\/2023\/02\/10-1024x354.png\" alt=\"\" class=\"wp-image-1549\" srcset=\"https:\/\/www.artheke.com\/wp-content\/uploads\/2023\/02\/10-1024x354.png 1024w, https:\/\/www.artheke.com\/wp-content\/uploads\/2023\/02\/10-300x104.png 300w, https:\/\/www.artheke.com\/wp-content\/uploads\/2023\/02\/10-768x266.png 768w, https:\/\/www.artheke.com\/wp-content\/uploads\/2023\/02\/10.png 1433w\" sizes=\"auto, (max-width: 1024px) 100vw, 1024px\" \/><\/figure>\n\n\n\n<div class=\"wp-block-buttons is-layout-flex wp-block-buttons-is-layout-flex\">\n<div class=\"wp-block-button has-custom-font-size has-large-font-size\"><a class=\"wp-block-button__link has-yellow-color has-text-color has-background wp-element-button\" href=\"https:\/\/www.culturaydeporte.gob.es\/cultura\/archivos\/archivos-y-centros.html\" style=\"background-color:#1a2e51\" target=\"_blank\" rel=\"noreferrer noopener\">Archvivos y Centros Estatales gestionados por el Ministerio de Cultura y Deporte<\/a><\/div>\n<\/div>\n\n\n\n<figure class=\"wp-block-image size-large\"><img loading=\"lazy\" decoding=\"async\" width=\"1024\" height=\"564\" src=\"https:\/\/artheke.com\/wp-content\/uploads\/2023\/02\/11-1024x564.png\" alt=\"\" class=\"wp-image-1550\" srcset=\"https:\/\/www.artheke.com\/wp-content\/uploads\/2023\/02\/11-1024x564.png 1024w, https:\/\/www.artheke.com\/wp-content\/uploads\/2023\/02\/11-300x165.png 300w, https:\/\/www.artheke.com\/wp-content\/uploads\/2023\/02\/11-768x423.png 768w, https:\/\/www.artheke.com\/wp-content\/uploads\/2023\/02\/11.png 1303w\" sizes=\"auto, (max-width: 1024px) 100vw, 1024px\" \/><\/figure>\n\n\n\n<div class=\"wp-block-buttons is-layout-flex wp-block-buttons-is-layout-flex\">\n<div class=\"wp-block-button has-custom-font-size is-style-outline is-style-outline--3\" style=\"font-size:30px\"><a class=\"wp-block-button__link has-white-background-color has-text-color has-background wp-element-button\" href=\"https:\/\/search.archives.un.org\/\" style=\"color:#4a76b7\" target=\"_blank\" rel=\"noreferrer noopener\">ARCHIVOS DE NACIONES UNIDAS.                                 ONU<\/a><\/div>\n<\/div>\n\n\n\n<figure class=\"wp-block-image size-large\"><img loading=\"lazy\" decoding=\"async\" width=\"1024\" height=\"514\" src=\"https:\/\/artheke.com\/wp-content\/uploads\/2023\/02\/image-1024x514.png\" alt=\"\" class=\"wp-image-1552\" srcset=\"https:\/\/www.artheke.com\/wp-content\/uploads\/2023\/02\/image-1024x514.png 1024w, https:\/\/www.artheke.com\/wp-content\/uploads\/2023\/02\/image-300x151.png 300w, https:\/\/www.artheke.com\/wp-content\/uploads\/2023\/02\/image-768x385.png 768w, https:\/\/www.artheke.com\/wp-content\/uploads\/2023\/02\/image.png 1405w\" sizes=\"auto, (max-width: 1024px) 100vw, 1024px\" \/><\/figure>\n\n\n\n<p>Dentro de las Naciones Unidas (ONU) \u2014organismo que hunde sus ra\u00edces en la Segunda Guerra Mundial\u2014 se encuentra el organimo especializado de la UNESCO (United Nations Educational, Scientific and Cultural Organization\/<strong><em>Organizaci\u00f3n de las Naciones Unidas para la Educaci\u00f3n, la Ciencia y la Cultura<\/em><\/strong>):<\/p>\n\n\n\n<div class=\"wp-block-buttons is-content-justification-center is-layout-flex wp-container-core-buttons-is-layout-16018d1d wp-block-buttons-is-layout-flex\">\n<div class=\"wp-block-button aligncenter has-custom-font-size\" style=\"font-size:60px\"><a class=\"wp-block-button__link has-white-color has-text-color has-background wp-element-button\" href=\"https:\/\/unesdoc.unesco.org\/archivos\" style=\"background-color:#5b8ed9\" target=\"_blank\" rel=\"noreferrer noopener\">Archivo UNESCO <\/a><\/div>\n<\/div>\n\n\n\n<figure class=\"wp-block-image size-large\"><img loading=\"lazy\" decoding=\"async\" width=\"1024\" height=\"501\" src=\"https:\/\/artheke.com\/wp-content\/uploads\/2023\/02\/image-2-1024x501.png\" alt=\"\" class=\"wp-image-1554\" srcset=\"https:\/\/www.artheke.com\/wp-content\/uploads\/2023\/02\/image-2-1024x501.png 1024w, https:\/\/www.artheke.com\/wp-content\/uploads\/2023\/02\/image-2-300x147.png 300w, https:\/\/www.artheke.com\/wp-content\/uploads\/2023\/02\/image-2-768x376.png 768w, https:\/\/www.artheke.com\/wp-content\/uploads\/2023\/02\/image-2.png 1459w\" sizes=\"auto, (max-width: 1024px) 100vw, 1024px\" \/><\/figure>\n\n\n\n<div class=\"wp-block-group\" style=\"line-height:0\"><div class=\"wp-block-group__inner-container is-layout-constrained wp-block-group-is-layout-constrained\">\n<p class=\"has-text-color\" style=\"color:#b92c2c\"><strong>Para saber m\u00e1s sobre el CENSO-GU\u00cdA y lo que es un Censo:<\/strong><\/p>\n\n\n\n<p>\u00ab<em>Censo, en la terminolog\u00eda profesional para expresar una descripci\u00f3n archiv\u00edstica m\u00e1s superficial que la de la gu\u00eda, el inventario o el cat\u00e1logo pero realizada sobre un espectro m\u00e1s amplio de archivos<\/em>\u00bb (Fito Manteca, 1971:178).<\/p>\n\n\n\n<div data-wp-interactive=\"core\/file\" class=\"wp-block-file\"><object data-wp-bind--hidden=\"!state.hasPdfPreview\" hidden class=\"wp-block-file__embed\" data=\"https:\/\/artheke.com\/wp-content\/uploads\/2023\/02\/El-Censo-Guia-de-Archivos-de-Espana-e-Iberoamerica-una-herramienta-de-difusion-del-Patrimonio-3.pdf\" type=\"application\/pdf\" style=\"width:100%;height:600px\" aria-label=\"Incrustado de El-Censo-Guia-de-Archivos-de-Espana-e-Iberoamerica-una-herramienta-de-difusion-del-Patrimonio-3.\"><\/object><a id=\"wp-block-file--media-94bcbb65-a72c-4d75-95fe-293f679ee342\" href=\"https:\/\/artheke.com\/wp-content\/uploads\/2023\/02\/El-Censo-Guia-de-Archivos-de-Espana-e-Iberoamerica-una-herramienta-de-difusion-del-Patrimonio-3.pdf\">El-Censo-Guia-de-Archivos-de-Espana-e-Iberoamerica-una-herramienta-de-difusion-del-Patrimonio-3<\/a><a href=\"https:\/\/artheke.com\/wp-content\/uploads\/2023\/02\/El-Censo-Guia-de-Archivos-de-Espana-e-Iberoamerica-una-herramienta-de-difusion-del-Patrimonio-3.pdf\" class=\"wp-block-file__button wp-element-button\" download aria-describedby=\"wp-block-file--media-94bcbb65-a72c-4d75-95fe-293f679ee342\">Descarga<\/a><\/div>\n\n\n\n<p><strong>Los instrumentos tradicionales de descripci\u00f3n<\/strong> son: <strong><mark style=\"background-color:rgba(0, 0, 0, 0);color:#be1f1f\" class=\"has-inline-color\"><em>Censo<\/em><\/mark> <\/strong><em>(identifica los archivos pertenecientes a un \u00e1mbito determinado<\/em>\u00ab<em> <\/em>como pueda ser la territorialidad, la titularidad, el tipo, etc.<em>);<\/em> <strong><mark style=\"background-color:rgba(0, 0, 0, 0);color:#cd3b3b\" class=\"has-inline-color\"><em>Gu\u00eda<\/em><\/mark><\/strong> (\u00ab<em>proporciona la informaci\u00f3n general, exacta y concisa sobre todos o parte de los fondos de uno o varios archivos<\/em>\u00ab),<em> <strong><mark style=\"background-color:rgba(0, 0, 0, 0);color:#c82a2a\" class=\"has-inline-color\">Inventario<\/mark><\/strong><\/em> (\u00ab<em>instrumento de consulta que describe las series documentales que componen las unidades archiv\u00edsticas<\/em>\u00bb como puedan ser los libros, expedientes, etc.), <em><strong><mark style=\"background-color:rgba(0, 0, 0, 0);color:#bf2525\" class=\"has-inline-color\">Cat\u00e1logo<\/mark><\/strong> <\/em>(\u00ab<em>describe las unidades documentales de una serie, o parte de ella que traten de un mismo asunto<\/em>\u00ab), <mark style=\"background-color:rgba(0, 0, 0, 0);color:#b63030\" class=\"has-inline-color\"><em><strong>\u00cdndice<\/strong> <\/em><\/mark>(\u00abi<em>nstrumento de consulta en el que se listan, alfab\u00e9tica o num\u00e9ricamente, t\u00e9rminos <mark style=\"background-color:rgba(0, 0, 0, 0);color:#2d2b92\" class=\"has-inline-color\"><strong>onom\u00e1sticos <\/strong><\/mark><\/em>\u2014<em>listados de nombres de personas naturales o jur\u00eddicas\u2014, <mark style=\"background-color:rgba(0, 0, 0, 0);color:#4c4d9a\" class=\"has-inline-color\"><strong>top\u00f3nimos<\/strong><\/mark> \u2014listado de nombres de sitios o lugares\u2014, <strong><mark style=\"background-color:rgba(0, 0, 0, 0);color:#2f1d8e\" class=\"has-inline-color\">cronol\u00f3gicos<\/mark><\/strong> \u2014listados consecutivos de fechas\u2014 y <strong><mark style=\"background-color:rgba(0, 0, 0, 0);color:#30238d\" class=\"has-inline-color\">tem\u00e1ticos<\/mark><\/strong> \u2014listas de materias o tesauros\u2014<\/em>\u00ab). Para saber m\u00e1s sobre estos instrumentos consultar el tema de <strong>descripci\u00f3n archiv\u00edstica <\/strong>de C\u00e9sar Mart\u00edn Gavil\u00e1n (2009) en sus p\u00e1ginas 5 y 6.<\/p>\n\n\n\n<div data-wp-interactive=\"core\/file\" class=\"wp-block-file\"><object data-wp-bind--hidden=\"!state.hasPdfPreview\" hidden class=\"wp-block-file__embed\" data=\"https:\/\/artheke.com\/wp-content\/uploads\/2023\/02\/isadg.pdf\" type=\"application\/pdf\" style=\"width:100%;height:600px\" aria-label=\"Incrustado de isadg.\"><\/object><a id=\"wp-block-file--media-8180639d-067b-402e-9ad8-bbb6c8f2ac15\" href=\"https:\/\/artheke.com\/wp-content\/uploads\/2023\/02\/isadg.pdf\">isadg<\/a><a href=\"https:\/\/artheke.com\/wp-content\/uploads\/2023\/02\/isadg.pdf\" class=\"wp-block-file__button wp-element-button\" download aria-describedby=\"wp-block-file--media-8180639d-067b-402e-9ad8-bbb6c8f2ac15\">Descarga<\/a><\/div>\n\n\n\n<p><strong>Referencias<\/strong>:<\/p>\n\n\n\n<p>Fito Manteca, J. (1971). <em>El Censo Gu\u00eda de Archivos de Espa\u00f1a e Iberoam\u00e9rica: una herramienta de difusi\u00f3n del Patrimonio Documental Hisp\u00e1nico<\/em>, 191-196.<\/p>\n\n\n\n<p>Sistemas y Recursos Archiv\u00edsticos. (2019). En Ana B. S\u00e1nchez Prieto (Comp.), <em>M.U. Gesti\u00f3n de la Documentaci\u00f3n, Bibliotecas y Archivos: Sistemas y Recursos Archiv\u00edsticos. <\/em>Universidad Complutense de Madrid.<\/p>\n\n\n\n<p>Imagen destacada de Cottonbro-studio (21.09.2020) en pexels.<\/p>\n<\/div><\/div>\n\n\n\n<p><\/p>\n","protected":false},"excerpt":{"rendered":"<p>Enlaces de archivos, proyectos, censos, cat\u00e1logos, etc.: auton\u00f3micos, nacionales e internacionales. \u00abEl CIDA tiene como misi\u00f3n fundamental difundir y dar a conocer el contenido del Patrimonio Documental que se custodia en los Archivos Estatales y en el resto de los archivos espa\u00f1oles e Iberoamericanos\u00bb Entre los directorios de archivos que podemos encontrar en los enlaces&hellip; <a class=\"more-link\" href=\"https:\/\/www.artheke.com\/?p=1627\">Seguir leyendo <span class=\"screen-reader-text\">Sitios Web de Instituciones Archiv\u00edsticas<\/span><\/a><\/p>\n","protected":false},"author":1,"featured_media":1622,"comment_status":"closed","ping_status":"","sticky":false,"template":"","format":"standard","meta":{"footnotes":""},"categories":[1],"tags":[],"class_list":["post-1627","post","type-post","status-publish","format-standard","has-post-thumbnail","hentry","category-sin-categoria","entry"],"_links":{"self":[{"href":"https:\/\/www.artheke.com\/index.php?rest_route=\/wp\/v2\/posts\/1627","targetHints":{"allow":["GET"]}}],"collection":[{"href":"https:\/\/www.artheke.com\/index.php?rest_route=\/wp\/v2\/posts"}],"about":[{"href":"https:\/\/www.artheke.com\/index.php?rest_route=\/wp\/v2\/types\/post"}],"author":[{"embeddable":true,"href":"https:\/\/www.artheke.com\/index.php?rest_route=\/wp\/v2\/users\/1"}],"replies":[{"embeddable":true,"href":"https:\/\/www.artheke.com\/index.php?rest_route=%2Fwp%2Fv2%2Fcomments&post=1627"}],"version-history":[{"count":3,"href":"https:\/\/www.artheke.com\/index.php?rest_route=\/wp\/v2\/posts\/1627\/revisions"}],"predecessor-version":[{"id":1684,"href":"https:\/\/www.artheke.com\/index.php?rest_route=\/wp\/v2\/posts\/1627\/revisions\/1684"}],"wp:featuredmedia":[{"embeddable":true,"href":"https:\/\/www.artheke.com\/index.php?rest_route=\/wp\/v2\/media\/1622"}],"wp:attachment":[{"href":"https:\/\/www.artheke.com\/index.php?rest_route=%2Fwp%2Fv2%2Fmedia&parent=1627"}],"wp:term":[{"taxonomy":"category","embeddable":true,"href":"https:\/\/www.artheke.com\/index.php?rest_route=%2Fwp%2Fv2%2Fcategories&post=1627"},{"taxonomy":"post_tag","embeddable":true,"href":"https:\/\/www.artheke.com\/index.php?rest_route=%2Fwp%2Fv2%2Ftags&post=1627"}],"curies":[{"name":"wp","href":"https:\/\/api.w.org\/{rel}","templated":true}]}}