{"id":1926,"date":"2023-03-11T17:10:55","date_gmt":"2023-03-11T17:10:55","guid":{"rendered":"https:\/\/artheke.com\/?p=1926"},"modified":"2023-03-11T18:53:44","modified_gmt":"2023-03-11T18:53:44","slug":"unesco-patrimonio-cultural","status":"publish","type":"post","link":"https:\/\/www.artheke.com\/?p=1926","title":{"rendered":"UNESCO. Patrimonio cultural."},"content":{"rendered":"\n<blockquote class=\"wp-block-quote is-layout-flow wp-block-quote-is-layout-flow\">\n<p><em>El patrimonio es el legado cultual que recibimos del pasado, que vivimos en el presente y que transmitiremos a las generaciones futuras.<\/em> <\/p>\n\n\n\n<figure class=\"wp-block-image size-large\"><img loading=\"lazy\" decoding=\"async\" width=\"1024\" height=\"464\" src=\"https:\/\/artheke.com\/wp-content\/uploads\/2023\/03\/115-1024x464.png\" alt=\"\" class=\"wp-image-1936\" srcset=\"https:\/\/www.artheke.com\/wp-content\/uploads\/2023\/03\/115-1024x464.png 1024w, https:\/\/www.artheke.com\/wp-content\/uploads\/2023\/03\/115-300x136.png 300w, https:\/\/www.artheke.com\/wp-content\/uploads\/2023\/03\/115-768x348.png 768w, https:\/\/www.artheke.com\/wp-content\/uploads\/2023\/03\/115.png 1440w\" sizes=\"auto, (max-width: 1024px) 100vw, 1024px\" \/><\/figure>\n\n\n\n<p><em>Con la<mark style=\"background-color:rgba(0, 0, 0, 0);color:#cb6b17\" class=\"has-inline-color\"> Convenci\u00f3n de 1972<\/mark> para la Protecci\u00f3n del Patrimonio Mundial Cultural y Natural la UNESCO establece que ciertos lugares de la Tierra tienen un \u00abvalor universal excepcional\u00bb y pertenecen al patrimonio com\u00fan de la humanidad, como la selva de Serengueti en el \u00c1frica oriental, las pir\u00e1mides de Egipto, la Gran Barrera de Coral en Australia y las catedrales barrocas de Am\u00e9rica Latina.<\/em><\/p>\n\n\n\n<p><em>Sin embargo, el patrimonio cultural no se limita a monumentos y colecciones de objetos. Comprende tambi\u00e9n expresiones vivas heredadas de nuestros antepasados, como tradiciones orales, artes del espect\u00e1culo, usos sociales, rituales, actos festivos, conocimientos y pr\u00e1cticas relativos a la naturaleza y el universo, y saberes y t\u00e9cnicas vinculados a la artesan\u00eda tradicional. Pese a su fragilidad, el patrimonio cultural inmaterial o patrimonio vivo es un importante factor del mantenimiento de la diversidad cultural.<\/em> <\/p>\n<cite>Unesco<\/cite><\/blockquote>\n\n\n\n<div class=\"wp-block-buttons is-layout-flex wp-block-buttons-is-layout-flex\">\n<div class=\"wp-block-button has-custom-width wp-block-button__width-100 has-custom-font-size has-huge-font-size\"><a class=\"wp-block-button__link has-background wp-element-button\" href=\"https:\/\/es.unesco.org\/fieldoffice\/santiago\/cultura\/patrimonio\" style=\"background-color:#1d79a1\" target=\"_blank\" rel=\"noreferrer noopener\">UNESCO<\/a><\/div>\n<\/div>\n\n\n\n<figure class=\"wp-block-image size-large\"><img loading=\"lazy\" decoding=\"async\" width=\"1024\" height=\"462\" src=\"https:\/\/artheke.com\/wp-content\/uploads\/2023\/03\/113-1024x462.png\" alt=\"\" class=\"wp-image-1935\" srcset=\"https:\/\/www.artheke.com\/wp-content\/uploads\/2023\/03\/113-1024x462.png 1024w, https:\/\/www.artheke.com\/wp-content\/uploads\/2023\/03\/113-300x135.png 300w, https:\/\/www.artheke.com\/wp-content\/uploads\/2023\/03\/113-768x346.png 768w, https:\/\/www.artheke.com\/wp-content\/uploads\/2023\/03\/113.png 1444w\" sizes=\"auto, (max-width: 1024px) 100vw, 1024px\" \/><\/figure>\n\n\n\n<hr class=\"wp-block-separator has-alpha-channel-opacity\"\/>\n\n\n\n<blockquote class=\"wp-block-quote is-layout-flow wp-block-quote-is-layout-flow\">\n<p>El <a rel=\"noreferrer noopener\" href=\"https:\/\/ich.unesco.org\/en\/home\" data-type=\"URL\" data-id=\"https:\/\/ich.unesco.org\/en\/home\" target=\"_blank\"><mark style=\"background-color:rgba(0, 0, 0, 0);color:#0f97c9\" class=\"has-inline-color\">patrimonio cultural inmaterial o \u00abpatrimonio vivo\u00bb<\/mark><\/a> <em>se refiere a las pr\u00e1cticas, expresiones, saberes o t\u00e9cnicas transmitidos por las comunidades de generaci\u00f3n en generaci\u00f3n.<\/em><\/p>\n\n\n\n<p><em>El patrimonio inmaterial proporciona a las comunidades un sentimiento de identidad y de continuidad: favorece la creatividad y el bienestar social, contribuye a la gesti\u00f3n del entorno natural y social y genera ingresos econ\u00f3micos. Numerosos saberes tradicionales o aut\u00f3ctonos est\u00e1n integrados, o se pueden integrar, en las pol\u00edticas sanitarias, la educaci\u00f3n o la gesti\u00f3n de los recursos naturales<\/em>. <\/p>\n<cite>Unesco<\/cite><\/blockquote>\n\n\n\n<div class=\"wp-block-buttons is-layout-flex wp-block-buttons-is-layout-flex\">\n<div class=\"wp-block-button has-custom-font-size has-large-font-size\"><a class=\"wp-block-button__link has-text-color has-background wp-element-button\" href=\"https:\/\/es.unesco.org\/themes\/patrimonio-cultural-inmaterial\" style=\"color:#c9a83c;background-color:#836951\" target=\"_blank\" rel=\"noreferrer noopener\">\u00abPATRIMONIO CULTURAL INMATERIAL\u00bb O \u00abPATRIMONIO VIVO\u00bb<\/a><\/div>\n<\/div>\n\n\n\n<figure class=\"wp-block-image size-large\"><img loading=\"lazy\" decoding=\"async\" width=\"1024\" height=\"465\" src=\"https:\/\/artheke.com\/wp-content\/uploads\/2023\/03\/116-1024x465.png\" alt=\"\" class=\"wp-image-1937\" srcset=\"https:\/\/www.artheke.com\/wp-content\/uploads\/2023\/03\/116-1024x465.png 1024w, https:\/\/www.artheke.com\/wp-content\/uploads\/2023\/03\/116-300x136.png 300w, https:\/\/www.artheke.com\/wp-content\/uploads\/2023\/03\/116-768x349.png 768w, https:\/\/www.artheke.com\/wp-content\/uploads\/2023\/03\/116.png 1441w\" sizes=\"auto, (max-width: 1024px) 100vw, 1024px\" \/><\/figure>\n\n\n\n<figure class=\"wp-block-image size-large\"><img loading=\"lazy\" decoding=\"async\" width=\"1024\" height=\"414\" src=\"https:\/\/artheke.com\/wp-content\/uploads\/2023\/03\/117-1024x414.png\" alt=\"\" class=\"wp-image-1938\" srcset=\"https:\/\/www.artheke.com\/wp-content\/uploads\/2023\/03\/117-1024x414.png 1024w, https:\/\/www.artheke.com\/wp-content\/uploads\/2023\/03\/117-300x121.png 300w, https:\/\/www.artheke.com\/wp-content\/uploads\/2023\/03\/117-768x311.png 768w, https:\/\/www.artheke.com\/wp-content\/uploads\/2023\/03\/117.png 1441w\" sizes=\"auto, (max-width: 1024px) 100vw, 1024px\" \/><\/figure>\n\n\n\n<p>Se pueden consultar amenazas, dominios, ODS, biomas como el ejemplo siguiente:<\/p>\n\n\n\n<figure class=\"wp-block-image size-large\"><img loading=\"lazy\" decoding=\"async\" width=\"1024\" height=\"467\" src=\"https:\/\/artheke.com\/wp-content\/uploads\/2023\/03\/230-1024x467.png\" alt=\"\" class=\"wp-image-1943\" srcset=\"https:\/\/www.artheke.com\/wp-content\/uploads\/2023\/03\/230-1024x467.png 1024w, https:\/\/www.artheke.com\/wp-content\/uploads\/2023\/03\/230-300x137.png 300w, https:\/\/www.artheke.com\/wp-content\/uploads\/2023\/03\/230-768x350.png 768w, https:\/\/www.artheke.com\/wp-content\/uploads\/2023\/03\/230.png 1445w\" sizes=\"auto, (max-width: 1024px) 100vw, 1024px\" \/><\/figure>\n\n\n\n<p>O tambi\u00e9n se pueden buscar las relaciones de un patrimonio inmaterial en el apartado de Constelaci\u00f3n:<\/p>\n\n\n\n<figure class=\"wp-block-image size-large\"><img loading=\"lazy\" decoding=\"async\" width=\"1024\" height=\"472\" src=\"https:\/\/artheke.com\/wp-content\/uploads\/2023\/03\/118-1024x472.png\" alt=\"\" class=\"wp-image-1939\" srcset=\"https:\/\/www.artheke.com\/wp-content\/uploads\/2023\/03\/118-1024x472.png 1024w, https:\/\/www.artheke.com\/wp-content\/uploads\/2023\/03\/118-300x138.png 300w, https:\/\/www.artheke.com\/wp-content\/uploads\/2023\/03\/118-768x354.png 768w, https:\/\/www.artheke.com\/wp-content\/uploads\/2023\/03\/118.png 1443w\" sizes=\"auto, (max-width: 1024px) 100vw, 1024px\" \/><figcaption class=\"wp-element-caption\"><a href=\"https:\/\/ich.unesco.org\/dive\/constellation\/\" data-type=\"URL\" data-id=\"https:\/\/ich.unesco.org\/dive\/constellation\/\" target=\"_blank\" rel=\"noreferrer noopener\">CONSTELACI\u00d3N<\/a><\/figcaption><\/figure>\n\n\n\n<figure class=\"wp-block-image size-large\"><img loading=\"lazy\" decoding=\"async\" width=\"1024\" height=\"462\" src=\"https:\/\/artheke.com\/wp-content\/uploads\/2023\/03\/119-1024x462.png\" alt=\"\" class=\"wp-image-1940\" srcset=\"https:\/\/www.artheke.com\/wp-content\/uploads\/2023\/03\/119-1024x462.png 1024w, https:\/\/www.artheke.com\/wp-content\/uploads\/2023\/03\/119-300x135.png 300w, https:\/\/www.artheke.com\/wp-content\/uploads\/2023\/03\/119-768x346.png 768w, https:\/\/www.artheke.com\/wp-content\/uploads\/2023\/03\/119.png 1444w\" sizes=\"auto, (max-width: 1024px) 100vw, 1024px\" \/><figcaption class=\"wp-element-caption\">Se busca si figura por ej. un patrimonio que tenga fuego<\/figcaption><\/figure>\n\n\n\n<figure class=\"wp-block-image size-large\"><img loading=\"lazy\" decoding=\"async\" width=\"1024\" height=\"462\" src=\"https:\/\/artheke.com\/wp-content\/uploads\/2023\/03\/221-1024x462.png\" alt=\"\" class=\"wp-image-1942\" srcset=\"https:\/\/www.artheke.com\/wp-content\/uploads\/2023\/03\/221-1024x462.png 1024w, https:\/\/www.artheke.com\/wp-content\/uploads\/2023\/03\/221-300x135.png 300w, https:\/\/www.artheke.com\/wp-content\/uploads\/2023\/03\/221-768x347.png 768w, https:\/\/www.artheke.com\/wp-content\/uploads\/2023\/03\/221.png 1446w\" sizes=\"auto, (max-width: 1024px) 100vw, 1024px\" \/><figcaption class=\"wp-element-caption\">Se busca por ejemplo un patrimonio referido al solsticio<\/figcaption><\/figure>\n\n\n\n<figure class=\"wp-block-image size-large\"><img loading=\"lazy\" decoding=\"async\" width=\"1024\" height=\"461\" src=\"https:\/\/artheke.com\/wp-content\/uploads\/2023\/03\/image-11-1024x461.png\" alt=\"\" class=\"wp-image-1944\" srcset=\"https:\/\/www.artheke.com\/wp-content\/uploads\/2023\/03\/image-11-1024x461.png 1024w, https:\/\/www.artheke.com\/wp-content\/uploads\/2023\/03\/image-11-300x135.png 300w, https:\/\/www.artheke.com\/wp-content\/uploads\/2023\/03\/image-11-768x346.png 768w, https:\/\/www.artheke.com\/wp-content\/uploads\/2023\/03\/image-11.png 1441w\" sizes=\"auto, (max-width: 1024px) 100vw, 1024px\" \/><figcaption class=\"wp-element-caption\">Se encuentra Las Fiestas del Fuego de los Solsticios de los Pirineos<\/figcaption><\/figure>\n\n\n\n<figure class=\"wp-block-image size-large\"><img loading=\"lazy\" decoding=\"async\" width=\"1024\" height=\"471\" src=\"https:\/\/artheke.com\/wp-content\/uploads\/2023\/03\/61-1024x471.png\" alt=\"\" class=\"wp-image-1947\" srcset=\"https:\/\/www.artheke.com\/wp-content\/uploads\/2023\/03\/61-1024x471.png 1024w, https:\/\/www.artheke.com\/wp-content\/uploads\/2023\/03\/61-300x138.png 300w, https:\/\/www.artheke.com\/wp-content\/uploads\/2023\/03\/61-768x353.png 768w, https:\/\/www.artheke.com\/wp-content\/uploads\/2023\/03\/61.png 1445w\" sizes=\"auto, (max-width: 1024px) 100vw, 1024px\" \/><figcaption class=\"wp-element-caption\">Se fija el punto del patrimonio y tocando en otros puntos conectados al punto fijado, figuran las relaciones como los lugares donde se desarrollan o las caracter\u00edsticas que posee el patrimonio inmaterial, en este caso como Pyrotechnics<\/figcaption><\/figure>\n\n\n\n<figure class=\"wp-block-image size-large\"><img loading=\"lazy\" decoding=\"async\" width=\"1024\" height=\"469\" src=\"https:\/\/artheke.com\/wp-content\/uploads\/2023\/03\/400-1024x469.png\" alt=\"\" class=\"wp-image-1948\" srcset=\"https:\/\/www.artheke.com\/wp-content\/uploads\/2023\/03\/400-1024x469.png 1024w, https:\/\/www.artheke.com\/wp-content\/uploads\/2023\/03\/400-300x137.png 300w, https:\/\/www.artheke.com\/wp-content\/uploads\/2023\/03\/400-768x352.png 768w, https:\/\/www.artheke.com\/wp-content\/uploads\/2023\/03\/400.png 1439w\" sizes=\"auto, (max-width: 1024px) 100vw, 1024px\" \/><figcaption class=\"wp-element-caption\">Ampliando la informaci\u00f3n puede consultarse en qu\u00e9 consiste y el a\u00f1o en que fue declarado Patrimonio Inmaterial entrando en la lista de la UNESCO.<\/figcaption><\/figure>\n\n\n\n<figure class=\"wp-block-image size-large\"><img loading=\"lazy\" decoding=\"async\" width=\"1024\" height=\"449\" src=\"https:\/\/artheke.com\/wp-content\/uploads\/2023\/03\/500-1024x449.png\" alt=\"\" class=\"wp-image-1949\" srcset=\"https:\/\/www.artheke.com\/wp-content\/uploads\/2023\/03\/500-1024x449.png 1024w, https:\/\/www.artheke.com\/wp-content\/uploads\/2023\/03\/500-300x132.png 300w, https:\/\/www.artheke.com\/wp-content\/uploads\/2023\/03\/500-768x337.png 768w, https:\/\/www.artheke.com\/wp-content\/uploads\/2023\/03\/500.png 1260w\" sizes=\"auto, (max-width: 1024px) 100vw, 1024px\" \/><figcaption class=\"wp-element-caption\">Pueden consultarse los dominios de la convenci\u00f3n de ese patrimonio, etc.<\/figcaption><\/figure>\n\n\n\n<figure class=\"wp-block-image size-large is-resized\"><img loading=\"lazy\" decoding=\"async\" src=\"https:\/\/artheke.com\/wp-content\/uploads\/2023\/03\/600-1024x470.png\" alt=\"\" class=\"wp-image-1950\" width=\"610\" height=\"279\" srcset=\"https:\/\/www.artheke.com\/wp-content\/uploads\/2023\/03\/600-1024x470.png 1024w, https:\/\/www.artheke.com\/wp-content\/uploads\/2023\/03\/600-300x138.png 300w, https:\/\/www.artheke.com\/wp-content\/uploads\/2023\/03\/600-768x352.png 768w, https:\/\/www.artheke.com\/wp-content\/uploads\/2023\/03\/600.png 1445w\" sizes=\"auto, (max-width: 610px) 100vw, 610px\" \/><figcaption class=\"wp-element-caption\">O incluso realizar la b\u00fasqueda por texto, etc.<\/figcaption><\/figure>\n\n\n\n<figure class=\"wp-block-image size-large\"><img loading=\"lazy\" decoding=\"async\" width=\"1024\" height=\"604\" src=\"https:\/\/artheke.com\/wp-content\/uploads\/2023\/03\/700-1024x604.png\" alt=\"\" class=\"wp-image-1951\" srcset=\"https:\/\/www.artheke.com\/wp-content\/uploads\/2023\/03\/700-1024x604.png 1024w, https:\/\/www.artheke.com\/wp-content\/uploads\/2023\/03\/700-300x177.png 300w, https:\/\/www.artheke.com\/wp-content\/uploads\/2023\/03\/700-768x453.png 768w, https:\/\/www.artheke.com\/wp-content\/uploads\/2023\/03\/700.png 1100w\" sizes=\"auto, (max-width: 1024px) 100vw, 1024px\" \/><figcaption class=\"wp-element-caption\">La b\u00fasqueda devuelve todas los patrimonios que figuran en la Lista Representativa con fuego cada a\u00f1o.<\/figcaption><\/figure>\n\n\n\n<div class=\"wp-block-buttons is-layout-flex wp-block-buttons-is-layout-flex\">\n<div class=\"wp-block-button\"><a class=\"wp-block-button__link has-background wp-element-button\" href=\"https:\/\/ich.unesco.org\/en\/lists?text=fire&amp;multinational=3&amp;term[]=vocabulary_ich-1229&amp;display1=inscriptionID#tabs\" style=\"background-color:#10323f\">Fire\/Fuego<\/a><\/div>\n<\/div>\n\n\n\n<figure class=\"wp-block-image size-large\"><img loading=\"lazy\" decoding=\"async\" width=\"1024\" height=\"506\" src=\"https:\/\/artheke.com\/wp-content\/uploads\/2023\/03\/900-1024x506.png\" alt=\"\" class=\"wp-image-1952\" srcset=\"https:\/\/www.artheke.com\/wp-content\/uploads\/2023\/03\/900-1024x506.png 1024w, https:\/\/www.artheke.com\/wp-content\/uploads\/2023\/03\/900-300x148.png 300w, https:\/\/www.artheke.com\/wp-content\/uploads\/2023\/03\/900-768x380.png 768w, https:\/\/www.artheke.com\/wp-content\/uploads\/2023\/03\/900.png 1098w\" sizes=\"auto, (max-width: 1024px) 100vw, 1024px\" \/><figcaption class=\"wp-element-caption\"><a href=\"https:\/\/ich.unesco.org\/en\/RL\/summer-solstice-fire-festivals-in-the-pyrenees-01073\" data-type=\"URL\" data-id=\"https:\/\/ich.unesco.org\/en\/RL\/summer-solstice-fire-festivals-in-the-pyrenees-01073\" target=\"_blank\" rel=\"noreferrer noopener\">Informaci\u00f3n de la UNESCO de las Fiestas del fuego del solsticio de verano en los Pirineos con todos los documentos de su Expediente de nominaci\u00f3n No. 01073<\/a><\/figcaption><\/figure>\n\n\n\n<figure class=\"wp-block-image size-large\"><img loading=\"lazy\" decoding=\"async\" width=\"1024\" height=\"457\" src=\"https:\/\/artheke.com\/wp-content\/uploads\/2023\/03\/1000-1024x457.png\" alt=\"\" class=\"wp-image-1953\" srcset=\"https:\/\/www.artheke.com\/wp-content\/uploads\/2023\/03\/1000-1024x457.png 1024w, https:\/\/www.artheke.com\/wp-content\/uploads\/2023\/03\/1000-300x134.png 300w, https:\/\/www.artheke.com\/wp-content\/uploads\/2023\/03\/1000-768x343.png 768w, https:\/\/www.artheke.com\/wp-content\/uploads\/2023\/03\/1000.png 1455w\" sizes=\"auto, (max-width: 1024px) 100vw, 1024px\" \/><figcaption class=\"wp-element-caption\">Incluso se pueden consultar <a rel=\"noreferrer noopener\" href=\"https:\/\/whc.unesco.org\/en\/list\/773\" data-type=\"URL\" data-id=\"https:\/\/whc.unesco.org\/en\/list\/773\" target=\"_blank\">los sitios del Patrimonio Mundial que potencialmente puede estar relacionado <\/a> con el patrimonio inmaterial declarado:<br> Las Fiestas del Fuego de los Solsticios de los Pirineos <\/figcaption><\/figure>\n\n\n\n<figure class=\"wp-block-image size-large\"><img loading=\"lazy\" decoding=\"async\" width=\"1024\" height=\"462\" src=\"https:\/\/artheke.com\/wp-content\/uploads\/2023\/03\/2000-1024x462.png\" alt=\"\" class=\"wp-image-1954\" srcset=\"https:\/\/www.artheke.com\/wp-content\/uploads\/2023\/03\/2000-1024x462.png 1024w, https:\/\/www.artheke.com\/wp-content\/uploads\/2023\/03\/2000-300x135.png 300w, https:\/\/www.artheke.com\/wp-content\/uploads\/2023\/03\/2000-768x347.png 768w, https:\/\/www.artheke.com\/wp-content\/uploads\/2023\/03\/2000.png 1446w\" sizes=\"auto, (max-width: 1024px) 100vw, 1024px\" \/><figcaption class=\"wp-element-caption\">Sitio del Patrimonio Mundial Potencialmente relacionado: <br><a href=\"https:\/\/whc.unesco.org\/en\/list\/773\" data-type=\"URL\" data-id=\"https:\/\/whc.unesco.org\/en\/list\/773\" target=\"_blank\" rel=\"noreferrer noopener\">Pirineos-Monte Perdu (1997)<\/a><\/figcaption><\/figure>\n","protected":false},"excerpt":{"rendered":"<p>El patrimonio cultural inmaterial o \u00abpatrimonio vivo\u00bb se refiere a las pr\u00e1cticas, expresiones, saberes o t\u00e9cnicas transmitidos por las comunidades de generaci\u00f3n en generaci\u00f3n. El patrimonio inmaterial proporciona a las comunidades un sentimiento de identidad y de continuidad: favorece la creatividad y el bienestar social, contribuye a la gesti\u00f3n del entorno natural y social y&hellip; <a class=\"more-link\" href=\"https:\/\/www.artheke.com\/?p=1926\">Seguir leyendo <span class=\"screen-reader-text\">UNESCO. Patrimonio cultural.<\/span><\/a><\/p>\n","protected":false},"author":1,"featured_media":1933,"comment_status":"closed","ping_status":"","sticky":false,"template":"","format":"standard","meta":{"footnotes":""},"categories":[1],"tags":[],"class_list":["post-1926","post","type-post","status-publish","format-standard","has-post-thumbnail","hentry","category-sin-categoria","entry"],"_links":{"self":[{"href":"https:\/\/www.artheke.com\/index.php?rest_route=\/wp\/v2\/posts\/1926","targetHints":{"allow":["GET"]}}],"collection":[{"href":"https:\/\/www.artheke.com\/index.php?rest_route=\/wp\/v2\/posts"}],"about":[{"href":"https:\/\/www.artheke.com\/index.php?rest_route=\/wp\/v2\/types\/post"}],"author":[{"embeddable":true,"href":"https:\/\/www.artheke.com\/index.php?rest_route=\/wp\/v2\/users\/1"}],"replies":[{"embeddable":true,"href":"https:\/\/www.artheke.com\/index.php?rest_route=%2Fwp%2Fv2%2Fcomments&post=1926"}],"version-history":[{"count":5,"href":"https:\/\/www.artheke.com\/index.php?rest_route=\/wp\/v2\/posts\/1926\/revisions"}],"predecessor-version":[{"id":1955,"href":"https:\/\/www.artheke.com\/index.php?rest_route=\/wp\/v2\/posts\/1926\/revisions\/1955"}],"wp:featuredmedia":[{"embeddable":true,"href":"https:\/\/www.artheke.com\/index.php?rest_route=\/wp\/v2\/media\/1933"}],"wp:attachment":[{"href":"https:\/\/www.artheke.com\/index.php?rest_route=%2Fwp%2Fv2%2Fmedia&parent=1926"}],"wp:term":[{"taxonomy":"category","embeddable":true,"href":"https:\/\/www.artheke.com\/index.php?rest_route=%2Fwp%2Fv2%2Fcategories&post=1926"},{"taxonomy":"post_tag","embeddable":true,"href":"https:\/\/www.artheke.com\/index.php?rest_route=%2Fwp%2Fv2%2Ftags&post=1926"}],"curies":[{"name":"wp","href":"https:\/\/api.w.org\/{rel}","templated":true}]}}