{"id":630,"date":"2022-02-18T00:29:49","date_gmt":"2022-02-18T00:29:49","guid":{"rendered":"https:\/\/artheke.com\/?p=630"},"modified":"2023-06-25T05:48:41","modified_gmt":"2023-06-25T05:48:41","slug":"museos-virtuales","status":"publish","type":"post","link":"https:\/\/www.artheke.com\/?p=630","title":{"rendered":"MUSEOS VIRTUALES"},"content":{"rendered":"\n<h3 class=\"wp-block-heading has-text-align-center\" id=\"en-la-actualidad-los-espacios-inmateriales-de-los-museos-virtuales-conviven-al-tiempo-con-el-museo-tradicional\"><strong><span style=\"color:#19b82c\" class=\"has-inline-color\">En la actualidad, los espacios inmateriales de los <em>museos virtuales<\/em> conviven al tiempo con el <em>museo tradicional. <\/em><\/span><\/strong><\/h3>\n\n\n\n<figure class=\"wp-block-pullquote\"><blockquote><p>Los museos no tienen fronteras, tienen una red<\/p><cite>ICOM<\/cite><\/blockquote><\/figure>\n\n\n\n<p>El <strong><em>Consejo Internacional de Museos<\/em><\/strong> (ICOM), aprob\u00f3 en su 22\u00aa Asamblea General en Viena (Austria) el 24 de agosto de 2007, sus estatutos. En ellos la definici\u00f3n de Museo ya apuntaba a su finalidad de compartir al p\u00fablico, si bien, en su 26\u00aa Asamblea General Extraordinaria se especifica concretamente su accesibilidad:<\/p>\n\n\n\n<blockquote class=\"wp-block-quote is-layout-flow wp-block-quote-is-layout-flow\">\n<p>\u00ab<em>Un museo es una instituci\u00f3n sin fines lucrativos, permanentemente, al servicio de la sociedad y de su desarrollo, abierta al p\u00fablico, que adquiere, conserva, investiga, comunica y expone el patrimonio material e inmaterial de la humanidad y su medio ambiente con fines de educaci\u00f3n, estudio y recreo<\/em>\u00ab.<\/p>\n<cite>                                      ICOM, 22\u00aa Asamblea General en Viena<\/cite><\/blockquote>\n\n\n\n<figure class=\"wp-block-pullquote\"><blockquote><p><em>Un museo es una instituci\u00f3n sin \u00e1nimo de lucro, permanente y al servicio de la sociedad, que investiga, colecciona, conserva, interpreta y exhibe el patrimonio material e inmaterial. Abiertos al p\u00fablico, accesibles e inclusivos, los museos fomentan la diversidad y la sostenibilidad. Con la participaci\u00f3n de las comunidades, los museos operan y comunican \u00e9tica y profesionalmente, ofreciendo experiencias variadas para la educaci\u00f3n, el disfrute, la reflexi\u00f3n y el intercambio de conocimientos<\/em>\u00bb<\/p><cite>26\u00aa Conferencia General (Praga), ICOM 24\/08\/2022<\/cite><\/blockquote><\/figure>\n\n\n\n<p>En el siguiente enlace puede leerse la definici\u00f3n de Museo en distintas lenguas:<\/p>\n\n\n\n<div class=\"wp-block-buttons is-layout-flex wp-block-buttons-is-layout-flex\">\n<div class=\"wp-block-button has-custom-width wp-block-button__width-100\"><a class=\"wp-block-button__link wp-element-button\" href=\"https:\/\/icom.museum\/es\/recursos\/normas-y-directrices\/definicion-del-museo\/\" target=\"_blank\" rel=\"noreferrer noopener\">ICOM<\/a><\/div>\n<\/div>\n\n\n\n<div class=\"wp-block-group\"><div class=\"wp-block-group__inner-container is-layout-flow wp-block-group-is-layout-flow\">\n<figure class=\"wp-block-image size-large\"><img loading=\"lazy\" decoding=\"async\" width=\"1024\" height=\"565\" src=\"https:\/\/artheke.com\/wp-content\/uploads\/2023\/06\/image-1024x565.png\" alt=\"\" class=\"wp-image-2088\" srcset=\"https:\/\/www.artheke.com\/wp-content\/uploads\/2023\/06\/image-1024x565.png 1024w, https:\/\/www.artheke.com\/wp-content\/uploads\/2023\/06\/image-300x165.png 300w, https:\/\/www.artheke.com\/wp-content\/uploads\/2023\/06\/image-768x424.png 768w, https:\/\/www.artheke.com\/wp-content\/uploads\/2023\/06\/image.png 1086w\" sizes=\"auto, (max-width: 1024px) 100vw, 1024px\" \/><\/figure>\n\n\n\n<p>La sociedad actual se caracteriza por se una sociedad digital, sin barreras geogr\u00e1ficas gracias al desarrollo que internet ha experimentado permitiendo la comunicaci\u00f3n entre los ciudadanos de diferentes lugares.<\/p>\n\n\n\n<p>En la actualidad, los espacios inmateriales de los museos virtuales conviven al tiempo con el museo tradicional. <\/p>\n\n\n\n<p>\u00abLas TICs facilitan el acceso al conocimiento art\u00edstico desde todos los lugares del planeta a cualquier hora del d\u00eda por el simple hecho de estar conectado a internet. Adem\u00e1s, permiten:<\/p>\n\n\n\n<p>&#8211;  por un lado, la <strong><em>creaci\u00f3n de patrimonio art\u00edstico enteramente digital elaborado directamente sobre soportes telem\u00e1ticos<\/em><\/strong>, <\/p>\n\n\n\n<p>&#8211; y por otro l<strong>a elaboraci\u00f3n del patrimonio documental que conforman los cat\u00e1logos de la Red<\/strong>\u00bb (Hern\u00e1ndez, 2012: 56). <\/p>\n\n\n\n<p>Las tecnolog\u00edas han ido transformando el espacio mismo del museo, y la tecnolog\u00eda \u2014entendida como herramienta\u2014 genera nuevas formas de creaci\u00f3n art\u00edstica: adem\u00e1s de los existentes est\u00e1n aumentando el numero de museos virtuales. <\/p>\n<\/div><\/div>\n\n\n\n<p class=\"has-text-color\" style=\"color:#c21313\">La evoluci\u00f3n del museo virtual desde su advenimiento en el a\u00f1o 1995 ha presentado confusiones y contradicciones a lo largo del tiempo. <strong>Hay que diferenciar<\/strong> (Hern\u00e1ndez, 2012):<\/p>\n\n\n\n<ul class=\"wp-block-list\">\n<li><strong><span style=\"color:#8c00a3\" class=\"has-inline-color\">la promoci\u00f3n y divulgaci\u00f3n de las colecciones y sus productos culturales \u00abreales\u00bb de manera virtual<\/span><\/strong><\/li>\n\n\n\n<li><mark style=\"background-color:rgba(0, 0, 0, 0);color:#e118c6\" class=\"has-inline-color\">de un <strong><em>museo virtual<\/em><\/strong><\/mark> <\/li>\n<\/ul>\n\n\n<div class=\"wp-block-image is-style-twentytwentyone-border\">\n<figure class=\"alignright size-large\"><img loading=\"lazy\" decoding=\"async\" width=\"693\" height=\"1024\" src=\"https:\/\/artheke.com\/wp-content\/uploads\/2022\/01\/pexels-karina-zhukovskaya-6446709-693x1024.jpg\" alt=\"\" class=\"wp-image-522\" srcset=\"https:\/\/www.artheke.com\/wp-content\/uploads\/2022\/01\/pexels-karina-zhukovskaya-6446709-693x1024.jpg 693w, https:\/\/www.artheke.com\/wp-content\/uploads\/2022\/01\/pexels-karina-zhukovskaya-6446709-203x300.jpg 203w, https:\/\/www.artheke.com\/wp-content\/uploads\/2022\/01\/pexels-karina-zhukovskaya-6446709-768x1135.jpg 768w, https:\/\/www.artheke.com\/wp-content\/uploads\/2022\/01\/pexels-karina-zhukovskaya-6446709-1040x1536.jpg 1040w, https:\/\/www.artheke.com\/wp-content\/uploads\/2022\/01\/pexels-karina-zhukovskaya-6446709-1386x2048.jpg 1386w, https:\/\/www.artheke.com\/wp-content\/uploads\/2022\/01\/pexels-karina-zhukovskaya-6446709-1568x2317.jpg 1568w, https:\/\/www.artheke.com\/wp-content\/uploads\/2022\/01\/pexels-karina-zhukovskaya-6446709-scaled.jpg 1733w\" sizes=\"auto, (max-width: 693px) 100vw, 693px\" \/><figcaption class=\"wp-element-caption\">Foto de&nbsp;<strong><a href=\"https:\/\/www.pexels.com\/es-es\/@karina-zhukovskaya?utm_content=attributionCopyText&amp;utm_medium=referral&amp;utm_source=pexels\">Karina Zhukovskaya<\/a><\/strong>&nbsp;en&nbsp;<strong><a href=\"https:\/\/www.pexels.com\/es-es\/foto\/macbook-pro-en-mesa-verde-6446709\/?utm_content=attributionCopyText&amp;utm_medium=referral&amp;utm_source=pexels\">Pexels<\/a><\/strong><\/figcaption><\/figure><\/div>\n\n<div class=\"wp-block-image\">\n<figure class=\"alignright size-large\"><img loading=\"lazy\" decoding=\"async\" width=\"1024\" height=\"683\" src=\"https:\/\/artheke.com\/wp-content\/uploads\/2022\/01\/pexels-ron-lach-9783835-1024x683.jpg\" alt=\"\" class=\"wp-image-524\" srcset=\"https:\/\/www.artheke.com\/wp-content\/uploads\/2022\/01\/pexels-ron-lach-9783835-1024x683.jpg 1024w, https:\/\/www.artheke.com\/wp-content\/uploads\/2022\/01\/pexels-ron-lach-9783835-300x200.jpg 300w, https:\/\/www.artheke.com\/wp-content\/uploads\/2022\/01\/pexels-ron-lach-9783835-768x512.jpg 768w, https:\/\/www.artheke.com\/wp-content\/uploads\/2022\/01\/pexels-ron-lach-9783835-1536x1024.jpg 1536w, https:\/\/www.artheke.com\/wp-content\/uploads\/2022\/01\/pexels-ron-lach-9783835-2048x1365.jpg 2048w, https:\/\/www.artheke.com\/wp-content\/uploads\/2022\/01\/pexels-ron-lach-9783835-1568x1045.jpg 1568w\" sizes=\"auto, (max-width: 1024px) 100vw, 1024px\" \/><figcaption class=\"wp-element-caption\">Foto de&nbsp;<strong><a href=\"https:\/\/www.pexels.com\/es-es\/@ron-lach?utm_content=attributionCopyText&amp;utm_medium=referral&amp;utm_source=pexels\">Ron Lach<\/a><\/strong>&nbsp;en&nbsp;<strong><a href=\"https:\/\/www.pexels.com\/es-es\/foto\/hombre-tecnologia-verde-adentro-9783835\/?utm_content=attributionCopyText&amp;utm_medium=referral&amp;utm_source=pexels\">Pexels<\/a><\/strong><\/figcaption><\/figure><\/div>\n\n\n<figure class=\"wp-block-pullquote\"><blockquote><p><mark style=\"background-color:rgba(0, 0, 0, 0);color:#0071a1\" class=\"has-inline-color\">El <strong>Museo Virtual <\/strong>es el contenedor inmaterial emplazado en el \u00e1mbito telem\u00e1tico de Internet que exhibe y difunde su colecci\u00f3n durante las veinticuatro horas del d\u00eda. <\/mark><br><br><mark style=\"background-color:rgba(0, 0, 0, 0);color:#0071a1\" class=\"has-inline-color\">Se caracteriza principalmente por ESTAR HECHO PLENAMENTE POR MEDIOS ELECTR\u00d3NICOS y por su INTERACTIVIDAD, es decir, es imprescindible la participaci\u00f3n del usuario. <\/mark><\/p><cite>(Hern\u00e1ndez, 2012: 57)<\/cite><\/blockquote><\/figure>\n\n\n\n<figure class=\"wp-block-embed is-type-rich is-provider-twitter wp-block-embed-twitter\"><div class=\"wp-block-embed__wrapper\">\n<blockquote class=\"twitter-tweet\" data-width=\"550\" data-dnt=\"true\"><p lang=\"fr\" dir=\"ltr\">Vous ne connaissez pas encore tous les espaces du Mus\u00e9e Prometheus Poctefa?? Nous avons une section d\u00e9di\u00e9e aux plus petits! Allez sur le site Web et amusez-vous pendant que vous apprenez!?<a href=\"https:\/\/twitter.com\/hashtag\/fallesharosbrandons?src=hash&amp;ref_src=twsrc%5Etfw\">#fallesharosbrandons<\/a> <a href=\"https:\/\/twitter.com\/hashtag\/prometheusmuseum?src=hash&amp;ref_src=twsrc%5Etfw\">#prometheusmuseum<\/a> <a href=\"https:\/\/twitter.com\/hashtag\/poctefa?src=hash&amp;ref_src=twsrc%5Etfw\">#poctefa<\/a> <a href=\"https:\/\/twitter.com\/hashtag\/prometheus?src=hash&amp;ref_src=twsrc%5Etfw\">#prometheus<\/a> <a href=\"https:\/\/twitter.com\/LoCIRDOC?ref_src=twsrc%5Etfw\">@LoCIRDOC<\/a> @CrtlOccitanie <a href=\"https:\/\/t.co\/z1q6kEZ5EA\">pic.twitter.com\/z1q6kEZ5EA<\/a><\/p>&mdash; Prometheus &#8211; Falles Pirineus (@Prometheus_pctf) <a href=\"https:\/\/twitter.com\/Prometheus_pctf\/status\/1468310594692345861?ref_src=twsrc%5Etfw\">December 7, 2021<\/a><\/blockquote><script async src=\"https:\/\/platform.twitter.com\/widgets.js\" charset=\"utf-8\"><\/script>\n<\/div><figcaption class=\"wp-element-caption\">Ejemplo de Museo Virtual: Museo de las Fallas del Fuego <br>(Patrimonio Inmaterial de la Humanidad). Extra\u00eddo de: https:\/\/twitter.com\/search?q=musee%20prometheus&amp;src=typed_query<\/figcaption><\/figure>\n\n\n\n<figure class=\"wp-block-image size-large\"><img loading=\"lazy\" decoding=\"async\" width=\"1024\" height=\"458\" src=\"https:\/\/artheke.com\/wp-content\/uploads\/2023\/02\/image-19-1024x458.png\" alt=\"\" class=\"wp-image-1604\" srcset=\"https:\/\/www.artheke.com\/wp-content\/uploads\/2023\/02\/image-19-1024x458.png 1024w, https:\/\/www.artheke.com\/wp-content\/uploads\/2023\/02\/image-19-300x134.png 300w, https:\/\/www.artheke.com\/wp-content\/uploads\/2023\/02\/image-19-768x343.png 768w, https:\/\/www.artheke.com\/wp-content\/uploads\/2023\/02\/image-19.png 1440w\" sizes=\"auto, (max-width: 1024px) 100vw, 1024px\" \/><figcaption class=\"wp-element-caption\"><a href=\"https:\/\/prometheus.museum\/es\/una-fiesta-para-todos\/\" data-type=\"URL\" data-id=\"https:\/\/prometheus.museum\/es\/una-fiesta-para-todos\/\" target=\"_blank\" rel=\"noreferrer noopener\">MUSEO DE LOS NI\u00d1OS (MUS\u00c9E.PROMETHEUS)<\/a><\/figcaption><\/figure>\n\n\n\n<div data-wp-interactive=\"core\/file\" class=\"wp-block-file\"><object data-wp-bind--hidden=\"!state.hasPdfPreview\" hidden class=\"wp-block-file__embed\" data=\"https:\/\/artheke.com\/wp-content\/uploads\/2023\/03\/RoigeBellasSoulier-El-Museo-Virtual-de-las-Fiestas-del-Fuego-del-Pirineo-Un-museo-en-linea-a-pa....pdf\" type=\"application\/pdf\" style=\"width:100%;height:600px\" aria-label=\"Incrustado de RoigeBellasSoulier-El-Museo-Virtual-de-las-Fiestas-del-Fuego-del-Pirineo-Un-museo-en-linea-a-pa....\"><\/object><a id=\"wp-block-file--media-ab0e019c-4de8-4078-8b80-465ccccb605f\" href=\"https:\/\/artheke.com\/wp-content\/uploads\/2023\/03\/RoigeBellasSoulier-El-Museo-Virtual-de-las-Fiestas-del-Fuego-del-Pirineo-Un-museo-en-linea-a-pa....pdf\">RoigeBellasSoulier-El-Museo-Virtual-de-las-Fiestas-del-Fuego-del-Pirineo-Un-museo-en-linea-a-pa&#8230;<\/a><a href=\"https:\/\/artheke.com\/wp-content\/uploads\/2023\/03\/RoigeBellasSoulier-El-Museo-Virtual-de-las-Fiestas-del-Fuego-del-Pirineo-Un-museo-en-linea-a-pa....pdf\" class=\"wp-block-file__button wp-element-button\" download aria-describedby=\"wp-block-file--media-ab0e019c-4de8-4078-8b80-465ccccb605f\">Descarga<\/a><\/div>\n\n\n\n<p><strong>Referencias:<\/strong><\/p>\n\n\n\n<p>ICOM. Consejo Internacional de Museos. <a rel=\"noreferrer noopener\" href=\"https:\/\/icom.museum\/es\/recursos\/normas-y-directrices\/definicion-del-museo\/\" data-type=\"URL\" data-id=\"https:\/\/icom.museum\/es\/recursos\/normas-y-directrices\/definicion-del-museo\/\" target=\"_blank\">https:\/\/icom.museum\/es\/recursos\/normas-y-directrices\/definicion-del-museo\/<\/a><\/p>\n\n\n\n<p>Hern\u00e1ndez Perell\u00f3, M.C. (2012). El museo \u00bfSin museo?. El arte digital en el museo virtual. Nuevos recursos para la Educaci\u00f3n Art\u00edstica. <em>Educaci\u00f3n art\u00edstica: revista de investigaci\u00f3n <\/em>(EARI), <em>3<\/em>, 55-62. <a rel=\"noreferrer noopener\" href=\"https:\/\/dialnet.unirioja.es\/servlet\/articulo?codigo=4374966\" data-type=\"URL\" data-id=\"https:\/\/dialnet.unirioja.es\/servlet\/articulo?codigo=4374966\" target=\"_blank\">https:\/\/dialnet.unirioja.es\/servlet\/articulo?codigo=4374966<\/a><\/p>\n\n\n\n<hr class=\"wp-block-separator has-alpha-channel-opacity\"\/>\n\n\n\n<div class=\"wp-block-group\"><div class=\"wp-block-group__inner-container is-layout-flow wp-block-group-is-layout-flow\">\n<div class=\"wp-block-group has-extra-small-font-size is-vertical is-layout-flex wp-container-core-group-is-layout-8cf370e7 wp-block-group-is-layout-flex\">\n<p class=\"has-extra-small-font-size\">Publicada el\u00a09 de enero de 2022, actualizada el 21 de febrero y el 25 de junio de 2023.<\/p>\n\n\n\n<p class=\"has-extra-small-font-size\" style=\"line-height:0\">Por&nbsp;<a href=\"https:\/\/artheke.com\/?author=1\">Cebri\u00e1n Gonz\u00e1lez Mar\u00eda Teresa<\/a><\/p>\n<\/div>\n<\/div><\/div>\n\n\n\n<p class=\"has-extra-small-font-size\"><\/p>\n","protected":false},"excerpt":{"rendered":"<p>En la actualidad, los espacios inmateriales de los museos virtuales conviven al tiempo con el museo tradicional. Los museos no tienen fronteras, tienen una red ICOM El Consejo Internacional de Museos (ICOM), aprob\u00f3 en su 22\u00aa Asamblea General en Viena (Austria) el 24 de agosto de 2007, sus estatutos. En ellos la definici\u00f3n de Museo&hellip; <a class=\"more-link\" href=\"https:\/\/www.artheke.com\/?p=630\">Seguir leyendo <span class=\"screen-reader-text\">MUSEOS VIRTUALES<\/span><\/a><\/p>\n","protected":false},"author":1,"featured_media":0,"comment_status":"closed","ping_status":"","sticky":false,"template":"","format":"standard","meta":{"footnotes":""},"categories":[1],"tags":[],"class_list":["post-630","post","type-post","status-publish","format-standard","hentry","category-sin-categoria","entry"],"_links":{"self":[{"href":"https:\/\/www.artheke.com\/index.php?rest_route=\/wp\/v2\/posts\/630","targetHints":{"allow":["GET"]}}],"collection":[{"href":"https:\/\/www.artheke.com\/index.php?rest_route=\/wp\/v2\/posts"}],"about":[{"href":"https:\/\/www.artheke.com\/index.php?rest_route=\/wp\/v2\/types\/post"}],"author":[{"embeddable":true,"href":"https:\/\/www.artheke.com\/index.php?rest_route=\/wp\/v2\/users\/1"}],"replies":[{"embeddable":true,"href":"https:\/\/www.artheke.com\/index.php?rest_route=%2Fwp%2Fv2%2Fcomments&post=630"}],"version-history":[{"count":6,"href":"https:\/\/www.artheke.com\/index.php?rest_route=\/wp\/v2\/posts\/630\/revisions"}],"predecessor-version":[{"id":2117,"href":"https:\/\/www.artheke.com\/index.php?rest_route=\/wp\/v2\/posts\/630\/revisions\/2117"}],"wp:attachment":[{"href":"https:\/\/www.artheke.com\/index.php?rest_route=%2Fwp%2Fv2%2Fmedia&parent=630"}],"wp:term":[{"taxonomy":"category","embeddable":true,"href":"https:\/\/www.artheke.com\/index.php?rest_route=%2Fwp%2Fv2%2Fcategories&post=630"},{"taxonomy":"post_tag","embeddable":true,"href":"https:\/\/www.artheke.com\/index.php?rest_route=%2Fwp%2Fv2%2Ftags&post=630"}],"curies":[{"name":"wp","href":"https:\/\/api.w.org\/{rel}","templated":true}]}}